{"id":10220,"date":"2026-03-04T09:49:00","date_gmt":"2026-03-04T09:49:00","guid":{"rendered":"https:\/\/areabadalona.com\/diario\/?p=10220"},"modified":"2026-03-04T09:49:02","modified_gmt":"2026-03-04T09:49:02","slug":"el-centre-cultural-el-carme-acull-a-partir-del-7-de-marc-lexposicio-forjadors-de-la-festa-capgrossos-a-lombra-dels-gegants","status":"publish","type":"post","link":"https:\/\/areabadalona.com\/diario\/2026\/03\/04\/el-centre-cultural-el-carme-acull-a-partir-del-7-de-marc-lexposicio-forjadors-de-la-festa-capgrossos-a-lombra-dels-gegants\/","title":{"rendered":"El Centre Cultural El Carme acull a partir del 7 de mar\u00e7 l\u2019exposici\u00f3 \u201cForjadors de la Festa. Capgrossos, a l\u2019ombra dels gegants\u201d"},"content":{"rendered":"\n<p>La sala Josep Ucl\u00e9s del Centre Cultural El Carme acollir\u00e0 a partir del 7 de mar\u00e7 i fins al pr\u00f2xim 24 de maig l\u2019exposici\u00f3 \u201cForjadors de la Festa. Capgrossos, a l\u2019ombra dels gegants\u201d. La mostra, organitzada per l\u2019Ajuntament de Badalona i Xitxarra &#8211; Grup d\u2019Estudis de la Festa i comissariada per Oriol Rodr\u00edguez i Gorka Sol, reconstrueix la hist\u00f2ria dels capgrossos a la ciutat de Badalona i el seu pes en les tradicions locals.<\/p>\n\n\n\n<p>Badalona compta amb capgrossos, com a m\u00ednim, des de finals del segle XIX. En una primera etapa van participar activament en el Corpus i a la Festa Major, i a partir dels anys setanta la seva pres\u00e8ncia s\u2019ha anat concentrant sobretot a les Festes de Maig. Malgrat que actualment nom\u00e9s set capgrossos municipals es mantenen actius, Badalona ha vist ballar pels seus carrers m\u00e9s de cinquanta figures diferents al llarg de la seva hist\u00f2ria festiva.<\/p>\n\n\n\n<p>L\u2019exposici\u00f3 reuneix, de manera excepcional, capgrossos d\u2019arreu del pa\u00eds id\u00e8ntics als que havien existit a Badalona i que avui han desaparegut, per recrear parcialment les antigues comparses. Pas a pas, el visitant descobrir\u00e0 qu\u00e8 \u00e9s un capgr\u00f2s, quines tipologies existeixen, quina m\u00fasica i quins balls els han acompanyat i quins usos han tingut al llarg del temps. Es tracta, doncs, d\u2019una invitaci\u00f3 a redescobrir les figures que, des de l\u2019ombra, han obert cam\u00ed a la festa.<\/p>\n\n\n\n<p><strong>Horaris de visita de l\u2019exposici\u00f3:<\/strong><\/p>\n\n\n\n<p>De dilluns a divendres: de 16 a 20 hores<\/p>\n\n\n\n<p>Dissabtes: de 10 a 14 hores i de 16 a 20 hores<\/p>\n\n\n\n<p>Diumenges: Tancat excepte el 26 d\u2019abril i els diumenges de maig, que es podr\u00e0 visitar de 10 a 14 hores<\/p>\n\n\n\n<p>Festius: de 10 a 14 hores<\/p>\n\n\n\n<p>Del 30 de mar\u00e7 al 6 d&#8217;abril, tancat per Setmana Santa<\/p>\n\n\n\n<p>Entrada lliure<\/p>\n\n\n\n<p><strong>Acte d\u2019inauguraci\u00f3<\/strong><\/p>\n\n\n\n<p><strong>El pr\u00f2xim 7 de mar\u00e7, a les 11.30 hores<\/strong>, tindr\u00e0 lloc l\u2019acte d\u2019inauguraci\u00f3 de la mostra \u201cForjadors de la Festa. Capgrossos, a l\u2019ombra dels gegants\u201d amb la pres\u00e8ncia de la regidora de Cultura, Vanesa Gonz\u00e1lez. La jornada s\u2019iniciar\u00e0 amb la sortida dels capgrossos de la ciutat des de la Casa de la Vila, que recorreran el trajecte fins a l\u2019entrada del Centre Cultural El Carme, on oferiran el \u201cBall de Capgrossos\u201d per donar el tret de sortida a l\u2019esdeveniment que ser\u00e0 obert al p\u00fablic.<\/p>\n\n\n\n<p><strong>Activitats complement\u00e0ries<\/strong><\/p>\n\n\n\n<p>En el marc de la mostra, tamb\u00e9 s&#8217;organitzen activitats complement\u00e0ries, com tallers, taules rodones i jornades, visites guiades concertades i visites guiades per a escoles:<\/p>\n\n\n\n<p>12 de mar\u00e7, a les 19 h<\/p>\n\n\n\n<p>\u201cDel taller a la festa: \u00abEl Ingenio\u00bb de Barcelona\u201d<\/p>\n\n\n\n<p>Confer\u00e8ncia a c\u00e0rrec de Joan Pozo Marcet, geganter.<\/p>\n\n\n\n<p>26 de mar\u00e7, a les 19 hores<\/p>\n\n\n\n<p>\u201cCaps amb car\u00e0cter&nbsp;\u2013 Taula de capgrossos singulars\u201d<\/p>\n\n\n\n<p>Taula rodona<\/p>\n\n\n\n<p>16 d\u2019abril, a les 19 hores<\/p>\n\n\n\n<p>\u201cM\u00e9s d\u2019un segle de capgrossos a Badalona (1881\u2013avui)\u201d<\/p>\n\n\n\n<p>Confer\u00e8ncia a c\u00e0rrec d\u2019Oriol Rodr\u00edguez, comissari de l\u2019exposici\u00f3 i geganter.<\/p>\n\n\n\n<p>25 d&#8217;abril, a les 10.30 hores<\/p>\n\n\n\n<p>\u201cEl Somni d&#8217;un Capgr\u00f2s, 25 anys m\u00e9s tard\u201d<\/p>\n\n\n\n<p>&#8211; Projecci\u00f3 de \u201cEl somni d&#8217;un Capgr\u00f2s\u201d&nbsp;amb posterior tert\u00falia amb alguns dels seus creadors i participants.<\/p>\n\n\n\n<p>&#8211; Taula rodona: \u201cEl somni continua: car\u00e0cters diferents per als capgrossos del 2026\u201d<\/p>\n\n\n\n<p>Totes les activitats s\u00f3n gratu\u00eftes<\/p>\n\n\n\n<p><strong>Visites guiades per a la comunitat educativa<\/strong><\/p>\n\n\n\n<p>Hi haur\u00e0 visites guiades per a la comunitat educativa de la ciutat en les seg\u00fcents dates i horaris:<\/p>\n\n\n\n<p>&#8211; Entre el 9 de mar\u00e7 i el 30 d&#8217;abril, en dies feiners, i en les seg\u00fcents franges hor\u00e0ries: a les 9, 10 i 11 hores.<\/p>\n\n\n\n<p>Les visites estan destinades a alumnes de 5\u00e8 i 6\u00e8 d\u2019educaci\u00f3 prim\u00e0ria i als alumnes d\u2019educaci\u00f3 secund\u00e0ria. Cal inscripci\u00f3 pr\u00e8via a <a href=\"mailto:elcarme@badalona.cat\">elcarme@badalona.cat<\/a>. Aquestes visites s\u00f3n gratu\u00eftes.<\/p>\n\n\n\n<p>El nombre de persones per visita com a m\u00e0xim \u00e9s el del grup classe. Les reserves s&#8217;han de fer com a m\u00ednim amb cinc dies d&#8217;antelaci\u00f3 de la data triada per a la visita.<\/p>\n\n\n\n<p><strong>Visites guiades concertades<\/strong><\/p>\n\n\n\n<p>Diumenge 22 de mar\u00e7 i 12 abril a les 12 hores<\/p>\n\n\n\n<p>Visita gratu\u00efta. Cal inscripci\u00f3 pr\u00e8via a <a href=\"mailto:elcarme@badalona.cat\">elcarme@badalona.cat<\/a>.<\/p>\n\n\n\n<p>Aquestes visites s&#8217;organitzaran si s&#8217;arriba al nombre m\u00ednim de visitants (grups m\u00ednim de 6 i m\u00e0xim de 25).<\/p>\n","protected":false},"excerpt":{"rendered":"<p>La sala Josep Ucl\u00e9s del Centre Cultural El Carme acollir\u00e0 a partir del 7 de mar\u00e7 i fins al pr\u00f2xim 24 de maig l\u2019exposici\u00f3 \u201cForjadors de la Festa. Capgrossos, a l\u2019ombra dels gegants\u201d. La mostra, organitzada per l\u2019Ajuntament de Badalona i Xitxarra &#8211; Grup d\u2019Estudis de la Festa i comissariada per Oriol Rodr\u00edguez i Gorka [&hellip;]<\/p>\n","protected":false},"author":2,"featured_media":10221,"comment_status":"closed","ping_status":"open","sticky":false,"template":"","format":"standard","meta":{"footnotes":""},"categories":[25],"tags":[],"class_list":{"0":"post-10220","1":"post","2":"type-post","3":"status-publish","4":"format-standard","5":"has-post-thumbnail","7":"category-cultura"},"_links":{"self":[{"href":"https:\/\/areabadalona.com\/diario\/wp-json\/wp\/v2\/posts\/10220","targetHints":{"allow":["GET"]}}],"collection":[{"href":"https:\/\/areabadalona.com\/diario\/wp-json\/wp\/v2\/posts"}],"about":[{"href":"https:\/\/areabadalona.com\/diario\/wp-json\/wp\/v2\/types\/post"}],"author":[{"embeddable":true,"href":"https:\/\/areabadalona.com\/diario\/wp-json\/wp\/v2\/users\/2"}],"replies":[{"embeddable":true,"href":"https:\/\/areabadalona.com\/diario\/wp-json\/wp\/v2\/comments?post=10220"}],"version-history":[{"count":1,"href":"https:\/\/areabadalona.com\/diario\/wp-json\/wp\/v2\/posts\/10220\/revisions"}],"predecessor-version":[{"id":10222,"href":"https:\/\/areabadalona.com\/diario\/wp-json\/wp\/v2\/posts\/10220\/revisions\/10222"}],"wp:featuredmedia":[{"embeddable":true,"href":"https:\/\/areabadalona.com\/diario\/wp-json\/wp\/v2\/media\/10221"}],"wp:attachment":[{"href":"https:\/\/areabadalona.com\/diario\/wp-json\/wp\/v2\/media?parent=10220"}],"wp:term":[{"taxonomy":"category","embeddable":true,"href":"https:\/\/areabadalona.com\/diario\/wp-json\/wp\/v2\/categories?post=10220"},{"taxonomy":"post_tag","embeddable":true,"href":"https:\/\/areabadalona.com\/diario\/wp-json\/wp\/v2\/tags?post=10220"}],"curies":[{"name":"wp","href":"https:\/\/api.w.org\/{rel}","templated":true}]}}